{"id":3475,"date":"2015-03-17T22:17:12","date_gmt":"2015-03-17T22:17:12","guid":{"rendered":"http:\/\/pk.esystem.sk\/cabinet-for-pastry\/"},"modified":"2019-06-28T22:11:15","modified_gmt":"2019-06-28T22:11:15","slug":"cabinet-for-pastry","status":"publish","type":"post","link":"https:\/\/pastorkalt.sk\/en\/cabinet-for-pastry\/","title":{"rendered":"Cabinet for pastry"},"content":{"rendered":"<p>Cake display cabinet LINDA<\/p>\n<p>We have again widened our production range. This time it is a cake display cabinet Linda, which can be for her variability adapted to the different interior requierements, high front glass and four cooled shelves enable to direct maximal attention on the displayed cakes and tarts.<\/p>\n<p>It is produced except refrigerated version as neutral version without cooling too, possibly complemented with the corner section and neutral tables. The display cabinet is fitted as standard with top LED lighting that can be supplemented by lighting for each shelf.<\/p>\n<p>You find the details\u00a0<a href=\"https:\/\/pastorkalt.sk\/en\/products\/serveover-cabinets\/linda\/\">here<\/a>.<\/p>\n","protected":false},"excerpt":{"rendered":"<p>Cake display cabinet LINDA We have again widened our production range. This time it is a cake <a class=\"read-more\" href=\"https:\/\/pastorkalt.sk\/en\/cabinet-for-pastry\/\">&#8230;<\/a><\/p>\n","protected":false},"author":5,"featured_media":5475,"comment_status":"closed","ping_status":"closed","sticky":false,"template":"","format":"standard","meta":[],"categories":[72],"tags":[],"yoast_head":"<!-- This site is optimized with the Yoast SEO plugin v17.6 - https:\/\/yoast.com\/wordpress\/plugins\/seo\/ -->\n<title>Cabinet for pastry &ndash; Pastorkalt.sk<\/title>\n<meta name=\"robots\" content=\"index, follow, max-snippet:-1, max-image-preview:large, max-video-preview:-1\" \/>\n<link rel=\"canonical\" href=\"https:\/\/pastorkalt.sk\/en\/cabinet-for-pastry\/\" \/>\n<meta property=\"og:locale\" content=\"en_US\" \/>\n<meta property=\"og:type\" content=\"article\" \/>\n<meta property=\"og:title\" content=\"Cabinet for pastry &ndash; Pastorkalt.sk\" \/>\n<meta property=\"og:description\" content=\"Cake display cabinet LINDA We have again widened our production range. This time it is a cake ...\" \/>\n<meta property=\"og:url\" content=\"https:\/\/pastorkalt.sk\/en\/cabinet-for-pastry\/\" \/>\n<meta property=\"og:site_name\" content=\"Pastorkalt.sk\" \/>\n<meta property=\"article:published_time\" content=\"2015-03-17T22:17:12+00:00\" \/>\n<meta property=\"article:modified_time\" content=\"2019-06-28T22:11:15+00:00\" \/>\n<meta property=\"og:image\" content=\"https:\/\/pastorkalt.sk\/wp-content\/uploads\/2015\/05\/OV_LINDA.png\" \/>\n\t<meta property=\"og:image:width\" content=\"650\" \/>\n\t<meta property=\"og:image:height\" content=\"367\" \/>\n<meta name=\"twitter:label1\" content=\"Written by\" \/>\n\t<meta name=\"twitter:data1\" content=\"mega apple\" \/>\n<script type=\"application\/ld+json\" class=\"yoast-schema-graph\">{\"@context\":\"https:\/\/schema.org\",\"@graph\":[{\"@type\":\"Organization\",\"@id\":\"https:\/\/pastorkalt.sk\/de\/#organization\",\"name\":\"PASTORKALT a. s.\",\"url\":\"https:\/\/pastorkalt.sk\/de\/\",\"sameAs\":[],\"logo\":{\"@type\":\"ImageObject\",\"@id\":\"https:\/\/pastorkalt.sk\/de\/#logo\",\"inLanguage\":\"en-US\",\"url\":\"https:\/\/pastorkalt.sk\/wp-content\/uploads\/2017\/10\/pklogo_black_retina.png\",\"contentUrl\":\"https:\/\/pastorkalt.sk\/wp-content\/uploads\/2017\/10\/pklogo_black_retina.png\",\"width\":430,\"height\":216,\"caption\":\"PASTORKALT a. s.\"},\"image\":{\"@id\":\"https:\/\/pastorkalt.sk\/de\/#logo\"}},{\"@type\":\"WebSite\",\"@id\":\"https:\/\/pastorkalt.sk\/de\/#website\",\"url\":\"https:\/\/pastorkalt.sk\/de\/\",\"name\":\"Pastorkalt.sk\",\"description\":\"Ak to m\\u00e1 by\\u0165 chladen\\u00e9\",\"publisher\":{\"@id\":\"https:\/\/pastorkalt.sk\/de\/#organization\"},\"potentialAction\":[{\"@type\":\"SearchAction\",\"target\":{\"@type\":\"EntryPoint\",\"urlTemplate\":\"https:\/\/pastorkalt.sk\/de\/?s={search_term_string}\"},\"query-input\":\"required name=search_term_string\"}],\"inLanguage\":\"en-US\"},{\"@type\":\"ImageObject\",\"@id\":\"https:\/\/pastorkalt.sk\/en\/cabinet-for-pastry\/#primaryimage\",\"inLanguage\":\"en-US\",\"url\":\"https:\/\/pastorkalt.sk\/wp-content\/uploads\/2015\/05\/OV_LINDA.png\",\"contentUrl\":\"https:\/\/pastorkalt.sk\/wp-content\/uploads\/2015\/05\/OV_LINDA.png\",\"width\":650,\"height\":367},{\"@type\":\"WebPage\",\"@id\":\"https:\/\/pastorkalt.sk\/en\/cabinet-for-pastry\/#webpage\",\"url\":\"https:\/\/pastorkalt.sk\/en\/cabinet-for-pastry\/\",\"name\":\"Cabinet for pastry &ndash; Pastorkalt.sk\",\"isPartOf\":{\"@id\":\"https:\/\/pastorkalt.sk\/de\/#website\"},\"primaryImageOfPage\":{\"@id\":\"https:\/\/pastorkalt.sk\/en\/cabinet-for-pastry\/#primaryimage\"},\"datePublished\":\"2015-03-17T22:17:12+00:00\",\"dateModified\":\"2019-06-28T22:11:15+00:00\",\"breadcrumb\":{\"@id\":\"https:\/\/pastorkalt.sk\/en\/cabinet-for-pastry\/#breadcrumb\"},\"inLanguage\":\"en-US\",\"potentialAction\":[{\"@type\":\"ReadAction\",\"target\":[\"https:\/\/pastorkalt.sk\/en\/cabinet-for-pastry\/\"]}]},{\"@type\":\"BreadcrumbList\",\"@id\":\"https:\/\/pastorkalt.sk\/en\/cabinet-for-pastry\/#breadcrumb\",\"itemListElement\":[{\"@type\":\"ListItem\",\"position\":1,\"name\":\"Home\",\"item\":\"https:\/\/pastorkalt.sk\/en\/\"},{\"@type\":\"ListItem\",\"position\":2,\"name\":\"Cabinet for pastry\"}]},{\"@type\":\"Article\",\"@id\":\"https:\/\/pastorkalt.sk\/en\/cabinet-for-pastry\/#article\",\"isPartOf\":{\"@id\":\"https:\/\/pastorkalt.sk\/en\/cabinet-for-pastry\/#webpage\"},\"author\":{\"@id\":\"https:\/\/pastorkalt.sk\/de\/#\/schema\/person\/2e03dfa6164f365dc266bac6308cf29a\"},\"headline\":\"Cabinet for pastry\",\"datePublished\":\"2015-03-17T22:17:12+00:00\",\"dateModified\":\"2019-06-28T22:11:15+00:00\",\"mainEntityOfPage\":{\"@id\":\"https:\/\/pastorkalt.sk\/en\/cabinet-for-pastry\/#webpage\"},\"wordCount\":99,\"publisher\":{\"@id\":\"https:\/\/pastorkalt.sk\/de\/#organization\"},\"image\":{\"@id\":\"https:\/\/pastorkalt.sk\/en\/cabinet-for-pastry\/#primaryimage\"},\"thumbnailUrl\":\"https:\/\/pastorkalt.sk\/wp-content\/uploads\/2015\/05\/OV_LINDA.png\",\"articleSection\":[\"News\"],\"inLanguage\":\"en-US\"},{\"@type\":\"Person\",\"@id\":\"https:\/\/pastorkalt.sk\/de\/#\/schema\/person\/2e03dfa6164f365dc266bac6308cf29a\",\"name\":\"mega apple\",\"image\":{\"@type\":\"ImageObject\",\"@id\":\"https:\/\/pastorkalt.sk\/de\/#personlogo\",\"inLanguage\":\"en-US\",\"url\":\"https:\/\/secure.gravatar.com\/avatar\/e9c40c35a403aaf8837c9da063c91557?s=96&d=mm&r=g\",\"contentUrl\":\"https:\/\/secure.gravatar.com\/avatar\/e9c40c35a403aaf8837c9da063c91557?s=96&d=mm&r=g\",\"caption\":\"mega apple\"},\"url\":\"https:\/\/pastorkalt.sk\/en\/author\/megaapplevegasolutions-eu\/\"}]}<\/script>\n<!-- \/ Yoast SEO plugin. -->","yoast_head_json":{"title":"Cabinet for pastry &ndash; Pastorkalt.sk","robots":{"index":"index","follow":"follow","max-snippet":"max-snippet:-1","max-image-preview":"max-image-preview:large","max-video-preview":"max-video-preview:-1"},"canonical":"https:\/\/pastorkalt.sk\/en\/cabinet-for-pastry\/","og_locale":"en_US","og_type":"article","og_title":"Cabinet for pastry &ndash; Pastorkalt.sk","og_description":"Cake display cabinet LINDA We have again widened our production range. This time it is a cake ...","og_url":"https:\/\/pastorkalt.sk\/en\/cabinet-for-pastry\/","og_site_name":"Pastorkalt.sk","article_published_time":"2015-03-17T22:17:12+00:00","article_modified_time":"2019-06-28T22:11:15+00:00","og_image":[{"width":650,"height":367,"url":"https:\/\/pastorkalt.sk\/wp-content\/uploads\/2015\/05\/OV_LINDA.png","type":"image\/png"}],"twitter_misc":{"Written by":"mega apple"},"schema":{"@context":"https:\/\/schema.org","@graph":[{"@type":"Organization","@id":"https:\/\/pastorkalt.sk\/de\/#organization","name":"PASTORKALT a. s.","url":"https:\/\/pastorkalt.sk\/de\/","sameAs":[],"logo":{"@type":"ImageObject","@id":"https:\/\/pastorkalt.sk\/de\/#logo","inLanguage":"en-US","url":"https:\/\/pastorkalt.sk\/wp-content\/uploads\/2017\/10\/pklogo_black_retina.png","contentUrl":"https:\/\/pastorkalt.sk\/wp-content\/uploads\/2017\/10\/pklogo_black_retina.png","width":430,"height":216,"caption":"PASTORKALT a. s."},"image":{"@id":"https:\/\/pastorkalt.sk\/de\/#logo"}},{"@type":"WebSite","@id":"https:\/\/pastorkalt.sk\/de\/#website","url":"https:\/\/pastorkalt.sk\/de\/","name":"Pastorkalt.sk","description":"Ak to m\u00e1 by\u0165 chladen\u00e9","publisher":{"@id":"https:\/\/pastorkalt.sk\/de\/#organization"},"potentialAction":[{"@type":"SearchAction","target":{"@type":"EntryPoint","urlTemplate":"https:\/\/pastorkalt.sk\/de\/?s={search_term_string}"},"query-input":"required name=search_term_string"}],"inLanguage":"en-US"},{"@type":"ImageObject","@id":"https:\/\/pastorkalt.sk\/en\/cabinet-for-pastry\/#primaryimage","inLanguage":"en-US","url":"https:\/\/pastorkalt.sk\/wp-content\/uploads\/2015\/05\/OV_LINDA.png","contentUrl":"https:\/\/pastorkalt.sk\/wp-content\/uploads\/2015\/05\/OV_LINDA.png","width":650,"height":367},{"@type":"WebPage","@id":"https:\/\/pastorkalt.sk\/en\/cabinet-for-pastry\/#webpage","url":"https:\/\/pastorkalt.sk\/en\/cabinet-for-pastry\/","name":"Cabinet for pastry &ndash; Pastorkalt.sk","isPartOf":{"@id":"https:\/\/pastorkalt.sk\/de\/#website"},"primaryImageOfPage":{"@id":"https:\/\/pastorkalt.sk\/en\/cabinet-for-pastry\/#primaryimage"},"datePublished":"2015-03-17T22:17:12+00:00","dateModified":"2019-06-28T22:11:15+00:00","breadcrumb":{"@id":"https:\/\/pastorkalt.sk\/en\/cabinet-for-pastry\/#breadcrumb"},"inLanguage":"en-US","potentialAction":[{"@type":"ReadAction","target":["https:\/\/pastorkalt.sk\/en\/cabinet-for-pastry\/"]}]},{"@type":"BreadcrumbList","@id":"https:\/\/pastorkalt.sk\/en\/cabinet-for-pastry\/#breadcrumb","itemListElement":[{"@type":"ListItem","position":1,"name":"Home","item":"https:\/\/pastorkalt.sk\/en\/"},{"@type":"ListItem","position":2,"name":"Cabinet for pastry"}]},{"@type":"Article","@id":"https:\/\/pastorkalt.sk\/en\/cabinet-for-pastry\/#article","isPartOf":{"@id":"https:\/\/pastorkalt.sk\/en\/cabinet-for-pastry\/#webpage"},"author":{"@id":"https:\/\/pastorkalt.sk\/de\/#\/schema\/person\/2e03dfa6164f365dc266bac6308cf29a"},"headline":"Cabinet for pastry","datePublished":"2015-03-17T22:17:12+00:00","dateModified":"2019-06-28T22:11:15+00:00","mainEntityOfPage":{"@id":"https:\/\/pastorkalt.sk\/en\/cabinet-for-pastry\/#webpage"},"wordCount":99,"publisher":{"@id":"https:\/\/pastorkalt.sk\/de\/#organization"},"image":{"@id":"https:\/\/pastorkalt.sk\/en\/cabinet-for-pastry\/#primaryimage"},"thumbnailUrl":"https:\/\/pastorkalt.sk\/wp-content\/uploads\/2015\/05\/OV_LINDA.png","articleSection":["News"],"inLanguage":"en-US"},{"@type":"Person","@id":"https:\/\/pastorkalt.sk\/de\/#\/schema\/person\/2e03dfa6164f365dc266bac6308cf29a","name":"mega apple","image":{"@type":"ImageObject","@id":"https:\/\/pastorkalt.sk\/de\/#personlogo","inLanguage":"en-US","url":"https:\/\/secure.gravatar.com\/avatar\/e9c40c35a403aaf8837c9da063c91557?s=96&d=mm&r=g","contentUrl":"https:\/\/secure.gravatar.com\/avatar\/e9c40c35a403aaf8837c9da063c91557?s=96&d=mm&r=g","caption":"mega apple"},"url":"https:\/\/pastorkalt.sk\/en\/author\/megaapplevegasolutions-eu\/"}]}},"_links":{"self":[{"href":"https:\/\/pastorkalt.sk\/en\/wp-json\/wp\/v2\/posts\/3475"}],"collection":[{"href":"https:\/\/pastorkalt.sk\/en\/wp-json\/wp\/v2\/posts"}],"about":[{"href":"https:\/\/pastorkalt.sk\/en\/wp-json\/wp\/v2\/types\/post"}],"author":[{"embeddable":true,"href":"https:\/\/pastorkalt.sk\/en\/wp-json\/wp\/v2\/users\/5"}],"replies":[{"embeddable":true,"href":"https:\/\/pastorkalt.sk\/en\/wp-json\/wp\/v2\/comments?post=3475"}],"version-history":[{"count":1,"href":"https:\/\/pastorkalt.sk\/en\/wp-json\/wp\/v2\/posts\/3475\/revisions"}],"predecessor-version":[{"id":8920,"href":"https:\/\/pastorkalt.sk\/en\/wp-json\/wp\/v2\/posts\/3475\/revisions\/8920"}],"wp:featuredmedia":[{"embeddable":true,"href":"https:\/\/pastorkalt.sk\/en\/wp-json\/wp\/v2\/media\/5475"}],"wp:attachment":[{"href":"https:\/\/pastorkalt.sk\/en\/wp-json\/wp\/v2\/media?parent=3475"}],"wp:term":[{"taxonomy":"category","embeddable":true,"href":"https:\/\/pastorkalt.sk\/en\/wp-json\/wp\/v2\/categories?post=3475"},{"taxonomy":"post_tag","embeddable":true,"href":"https:\/\/pastorkalt.sk\/en\/wp-json\/wp\/v2\/tags?post=3475"}],"curies":[{"name":"wp","href":"https:\/\/api.w.org\/{rel}","templated":true}]}}