{"id":9050,"date":"2018-11-07T20:17:53","date_gmt":"2018-11-07T20:17:53","guid":{"rendered":"https:\/\/pastorkalt.sk\/?p=9050"},"modified":"2019-07-17T20:28:52","modified_gmt":"2019-07-17T20:28:52","slug":"we-celebrated-the-25th-anniversary-in-slovakia","status":"publish","type":"post","link":"https:\/\/pastorkalt.sk\/en\/we-celebrated-the-25th-anniversary-in-slovakia\/","title":{"rendered":"We celebrated the 25th anniversary in Slovakia!"},"content":{"rendered":"<p>Pastorkalt a.s. was established in 1993 in Nov\u00e9 Z\u00e1mky. During the 25th year in the refrigerated display cabinets market, we have built a strong position amongst manufacturers of design showcases at home and abroad. The success is not only due to quality products, but also to the long-term efforts and work of our employees, which we appreciate. Today we are thanks to that a proud member of the Italian group Pastorfrigor Group together with Pastorfrigor spa (Italy), Panelli Isolanti (Italy) and PastorfrigorGB Ltd (United Kingdom), Pastorfrigor ME (Middle East), Pastorconcept (Fr) and Pastorkalt RU (Russia).<\/p>\n<p>By the occasion of the 25th anniversary of Pastorkalt in Slovakia, we also rewarded our long-term employees. As a thank you they received a commemorative medal made in coin factory in Kremnica, especially for this occasion.<\/p>\n\r\n\t\t\t<style type='text\/css'>\r\n\t\t\t\t#gallery-1 {\r\n\t\t\t\t\tmargin: auto;\r\n\t\t\t\t}\r\n\t\t\t\t#gallery-1 .gallery-item {\r\n\t\t\t\t\tfloat: left;\r\n\t\t\t\t\tmargin-top: 10px;\r\n\t\t\t\t\ttext-align: center;\r\n\t\t\t\t\twidth: 33.33%;\r\n\t\t\t\t}\r\n\t\t\t\t#gallery-1 img {\r\n\t\t\t\t\tborder: 2px solid #cfcfcf;\r\n\t\t\t\t}\r\n\t\t\t\t#gallery-1 .gallery-caption {\r\n\t\t\t\t\tmargin-left: 0;\r\n\t\t\t\t}\r\n\t\t\t\t\/* see gallery_shortcode() in wp-includes\/media.php *\/\r\n\t\t\t<\/style>\n\t\t<div id='gallery-1' class='gallery galleryid-9050 gallery-columns-3 gallery-size-full file'><dl class='gallery-item'>\r\n\t\t\t\t<dt class='gallery-icon portrait'>\r\n\t\t\t\t\t<a href='https:\/\/pastorkalt.sk\/wp-content\/uploads\/2019\/07\/25.vyrocie_pamatna-medaila.jpg' title=\"\" data-rl_title=\"\" class=\"rl-gallery-link\" data-rl_caption=\"\" data-rel=\"prettyPhoto-gallery-0\"><img width=\"332\" height=\"683\" src=\"https:\/\/pastorkalt.sk\/wp-content\/uploads\/2019\/07\/25.vyrocie_pamatna-medaila.jpg\" class=\"attachment-full size-full\" alt=\"\" loading=\"lazy\" srcset=\"https:\/\/pastorkalt.sk\/wp-content\/uploads\/2019\/07\/25.vyrocie_pamatna-medaila.jpg 332w, https:\/\/pastorkalt.sk\/wp-content\/uploads\/2019\/07\/25.vyrocie_pamatna-medaila-146x300.jpg 146w, https:\/\/pastorkalt.sk\/wp-content\/uploads\/2019\/07\/25.vyrocie_pamatna-medaila-71x146.jpg 71w, https:\/\/pastorkalt.sk\/wp-content\/uploads\/2019\/07\/25.vyrocie_pamatna-medaila-24x50.jpg 24w, https:\/\/pastorkalt.sk\/wp-content\/uploads\/2019\/07\/25.vyrocie_pamatna-medaila-36x75.jpg 36w\" sizes=\"(max-width: 332px) 100vw, 332px\" \/><\/a>\r\n\t\t\t\t<\/dt>\r\n\t\t\t\t\t<dd class='wp-caption-text gallery-caption'>\r\n\t\t\t\t\t25th company anniversary Pastorkalt a.s.\r\n\t\t\t\t\t<\/dd><\/dl><dl class='gallery-item'>\r\n\t\t\t\t<dt class='gallery-icon landscape'>\r\n\t\t\t\t\t<a href='https:\/\/pastorkalt.sk\/wp-content\/uploads\/2019\/07\/25.Vyrocie_PK2.jpg' title=\"\" data-rl_title=\"\" class=\"rl-gallery-link\" data-rl_caption=\"\" data-rel=\"prettyPhoto-gallery-0\"><img width=\"1024\" height=\"683\" src=\"https:\/\/pastorkalt.sk\/wp-content\/uploads\/2019\/07\/25.Vyrocie_PK2.jpg\" class=\"attachment-full size-full\" alt=\"\" loading=\"lazy\" srcset=\"https:\/\/pastorkalt.sk\/wp-content\/uploads\/2019\/07\/25.Vyrocie_PK2.jpg 1024w, https:\/\/pastorkalt.sk\/wp-content\/uploads\/2019\/07\/25.Vyrocie_PK2-300x200.jpg 300w, https:\/\/pastorkalt.sk\/wp-content\/uploads\/2019\/07\/25.Vyrocie_PK2-768x512.jpg 768w, https:\/\/pastorkalt.sk\/wp-content\/uploads\/2019\/07\/25.Vyrocie_PK2-219x146.jpg 219w, https:\/\/pastorkalt.sk\/wp-content\/uploads\/2019\/07\/25.Vyrocie_PK2-50x33.jpg 50w, https:\/\/pastorkalt.sk\/wp-content\/uploads\/2019\/07\/25.Vyrocie_PK2-112x75.jpg 112w\" sizes=\"(max-width: 1024px) 100vw, 1024px\" \/><\/a>\r\n\t\t\t\t<\/dt>\r\n\t\t\t\t\t<dd class='wp-caption-text gallery-caption'>\r\n\t\t\t\t\t25th company anniversary Pastorkalt a.s.\r\n\t\t\t\t\t<\/dd><\/dl><dl class='gallery-item'>\r\n\t\t\t\t<dt class='gallery-icon landscape'>\r\n\t\t\t\t\t<a href='https:\/\/pastorkalt.sk\/wp-content\/uploads\/2019\/07\/25.vyrocie_PK3.jpg' title=\"\" data-rl_title=\"\" class=\"rl-gallery-link\" data-rl_caption=\"\" data-rel=\"prettyPhoto-gallery-0\"><img width=\"1024\" height=\"683\" src=\"https:\/\/pastorkalt.sk\/wp-content\/uploads\/2019\/07\/25.vyrocie_PK3.jpg\" class=\"attachment-full size-full\" alt=\"\" loading=\"lazy\" srcset=\"https:\/\/pastorkalt.sk\/wp-content\/uploads\/2019\/07\/25.vyrocie_PK3.jpg 1024w, https:\/\/pastorkalt.sk\/wp-content\/uploads\/2019\/07\/25.vyrocie_PK3-300x200.jpg 300w, https:\/\/pastorkalt.sk\/wp-content\/uploads\/2019\/07\/25.vyrocie_PK3-768x512.jpg 768w, https:\/\/pastorkalt.sk\/wp-content\/uploads\/2019\/07\/25.vyrocie_PK3-219x146.jpg 219w, https:\/\/pastorkalt.sk\/wp-content\/uploads\/2019\/07\/25.vyrocie_PK3-50x33.jpg 50w, https:\/\/pastorkalt.sk\/wp-content\/uploads\/2019\/07\/25.vyrocie_PK3-112x75.jpg 112w\" sizes=\"(max-width: 1024px) 100vw, 1024px\" \/><\/a>\r\n\t\t\t\t<\/dt>\r\n\t\t\t\t\t<dd class='wp-caption-text gallery-caption'>\r\n\t\t\t\t\t25th company anniversary Pastorkalt a.s.\r\n\t\t\t\t\t<\/dd><\/dl><br style=\"clear: both\" \/>\r\n\t\t\t<\/div>\n\n","protected":false},"excerpt":{"rendered":"<p>Pastorkalt a.s. was established in 1993 in Nov\u00e9 Z\u00e1mky. During the 25th year in the refrigerated display <a class=\"read-more\" href=\"https:\/\/pastorkalt.sk\/en\/we-celebrated-the-25th-anniversary-in-slovakia\/\">&#8230;<\/a><\/p>\n","protected":false},"author":2,"featured_media":8967,"comment_status":"closed","ping_status":"closed","sticky":false,"template":"","format":"standard","meta":[],"categories":[72],"tags":[],"yoast_head":"<!-- This site is optimized with the Yoast SEO plugin v17.6 - https:\/\/yoast.com\/wordpress\/plugins\/seo\/ -->\n<title>We celebrated the 25th anniversary in Slovakia! &ndash; Pastorkalt.sk<\/title>\n<meta name=\"robots\" content=\"index, follow, max-snippet:-1, max-image-preview:large, max-video-preview:-1\" \/>\n<link rel=\"canonical\" href=\"https:\/\/pastorkalt.sk\/en\/we-celebrated-the-25th-anniversary-in-slovakia\/\" \/>\n<meta property=\"og:locale\" content=\"en_US\" \/>\n<meta property=\"og:type\" content=\"article\" \/>\n<meta property=\"og:title\" content=\"We celebrated the 25th anniversary in Slovakia! &ndash; Pastorkalt.sk\" \/>\n<meta property=\"og:description\" content=\"Pastorkalt a.s. was established in 1993 in Nov\u00e9 Z\u00e1mky. During the 25th year in the refrigerated display ...\" \/>\n<meta property=\"og:url\" content=\"https:\/\/pastorkalt.sk\/en\/we-celebrated-the-25th-anniversary-in-slovakia\/\" \/>\n<meta property=\"og:site_name\" content=\"Pastorkalt.sk\" \/>\n<meta property=\"article:published_time\" content=\"2018-11-07T20:17:53+00:00\" \/>\n<meta property=\"article:modified_time\" content=\"2019-07-17T20:28:52+00:00\" \/>\n<meta property=\"og:image\" content=\"https:\/\/pastorkalt.sk\/wp-content\/uploads\/2018\/11\/25.vyrocie_PK3_featured.jpg\" \/>\n\t<meta property=\"og:image:width\" content=\"1024\" \/>\n\t<meta property=\"og:image:height\" content=\"768\" \/>\n<meta name=\"twitter:label1\" content=\"Written by\" \/>\n\t<meta name=\"twitter:data1\" content=\"Juraj Blaskovic\" \/>\n\t<meta name=\"twitter:label2\" content=\"Est. reading time\" \/>\n\t<meta name=\"twitter:data2\" content=\"1 minute\" \/>\n<script type=\"application\/ld+json\" class=\"yoast-schema-graph\">{\"@context\":\"https:\/\/schema.org\",\"@graph\":[{\"@type\":\"Organization\",\"@id\":\"https:\/\/pastorkalt.sk\/de\/#organization\",\"name\":\"PASTORKALT a. s.\",\"url\":\"https:\/\/pastorkalt.sk\/de\/\",\"sameAs\":[],\"logo\":{\"@type\":\"ImageObject\",\"@id\":\"https:\/\/pastorkalt.sk\/de\/#logo\",\"inLanguage\":\"en-US\",\"url\":\"https:\/\/pastorkalt.sk\/wp-content\/uploads\/2017\/10\/pklogo_black_retina.png\",\"contentUrl\":\"https:\/\/pastorkalt.sk\/wp-content\/uploads\/2017\/10\/pklogo_black_retina.png\",\"width\":430,\"height\":216,\"caption\":\"PASTORKALT a. s.\"},\"image\":{\"@id\":\"https:\/\/pastorkalt.sk\/de\/#logo\"}},{\"@type\":\"WebSite\",\"@id\":\"https:\/\/pastorkalt.sk\/de\/#website\",\"url\":\"https:\/\/pastorkalt.sk\/de\/\",\"name\":\"Pastorkalt.sk\",\"description\":\"Ak to m\\u00e1 by\\u0165 chladen\\u00e9\",\"publisher\":{\"@id\":\"https:\/\/pastorkalt.sk\/de\/#organization\"},\"potentialAction\":[{\"@type\":\"SearchAction\",\"target\":{\"@type\":\"EntryPoint\",\"urlTemplate\":\"https:\/\/pastorkalt.sk\/de\/?s={search_term_string}\"},\"query-input\":\"required name=search_term_string\"}],\"inLanguage\":\"en-US\"},{\"@type\":\"ImageObject\",\"@id\":\"https:\/\/pastorkalt.sk\/en\/we-celebrated-the-25th-anniversary-in-slovakia\/#primaryimage\",\"inLanguage\":\"en-US\",\"url\":\"https:\/\/pastorkalt.sk\/wp-content\/uploads\/2018\/11\/25.vyrocie_PK3_featured.jpg\",\"contentUrl\":\"https:\/\/pastorkalt.sk\/wp-content\/uploads\/2018\/11\/25.vyrocie_PK3_featured.jpg\",\"width\":1024,\"height\":768},{\"@type\":\"WebPage\",\"@id\":\"https:\/\/pastorkalt.sk\/en\/we-celebrated-the-25th-anniversary-in-slovakia\/#webpage\",\"url\":\"https:\/\/pastorkalt.sk\/en\/we-celebrated-the-25th-anniversary-in-slovakia\/\",\"name\":\"We celebrated the 25th anniversary in Slovakia! &ndash; Pastorkalt.sk\",\"isPartOf\":{\"@id\":\"https:\/\/pastorkalt.sk\/de\/#website\"},\"primaryImageOfPage\":{\"@id\":\"https:\/\/pastorkalt.sk\/en\/we-celebrated-the-25th-anniversary-in-slovakia\/#primaryimage\"},\"datePublished\":\"2018-11-07T20:17:53+00:00\",\"dateModified\":\"2019-07-17T20:28:52+00:00\",\"breadcrumb\":{\"@id\":\"https:\/\/pastorkalt.sk\/en\/we-celebrated-the-25th-anniversary-in-slovakia\/#breadcrumb\"},\"inLanguage\":\"en-US\",\"potentialAction\":[{\"@type\":\"ReadAction\",\"target\":[\"https:\/\/pastorkalt.sk\/en\/we-celebrated-the-25th-anniversary-in-slovakia\/\"]}]},{\"@type\":\"BreadcrumbList\",\"@id\":\"https:\/\/pastorkalt.sk\/en\/we-celebrated-the-25th-anniversary-in-slovakia\/#breadcrumb\",\"itemListElement\":[{\"@type\":\"ListItem\",\"position\":1,\"name\":\"Home\",\"item\":\"https:\/\/pastorkalt.sk\/en\/\"},{\"@type\":\"ListItem\",\"position\":2,\"name\":\"We celebrated the 25th anniversary in Slovakia!\"}]},{\"@type\":\"Article\",\"@id\":\"https:\/\/pastorkalt.sk\/en\/we-celebrated-the-25th-anniversary-in-slovakia\/#article\",\"isPartOf\":{\"@id\":\"https:\/\/pastorkalt.sk\/en\/we-celebrated-the-25th-anniversary-in-slovakia\/#webpage\"},\"author\":{\"@id\":\"https:\/\/pastorkalt.sk\/de\/#\/schema\/person\/4d709add1535d5e5f4a1088ff9f234b9\"},\"headline\":\"We celebrated the 25th anniversary in Slovakia!\",\"datePublished\":\"2018-11-07T20:17:53+00:00\",\"dateModified\":\"2019-07-17T20:28:52+00:00\",\"mainEntityOfPage\":{\"@id\":\"https:\/\/pastorkalt.sk\/en\/we-celebrated-the-25th-anniversary-in-slovakia\/#webpage\"},\"wordCount\":145,\"publisher\":{\"@id\":\"https:\/\/pastorkalt.sk\/de\/#organization\"},\"image\":{\"@id\":\"https:\/\/pastorkalt.sk\/en\/we-celebrated-the-25th-anniversary-in-slovakia\/#primaryimage\"},\"thumbnailUrl\":\"https:\/\/pastorkalt.sk\/wp-content\/uploads\/2018\/11\/25.vyrocie_PK3_featured.jpg\",\"articleSection\":[\"News\"],\"inLanguage\":\"en-US\"},{\"@type\":\"Person\",\"@id\":\"https:\/\/pastorkalt.sk\/de\/#\/schema\/person\/4d709add1535d5e5f4a1088ff9f234b9\",\"name\":\"Juraj Blaskovic\",\"image\":{\"@type\":\"ImageObject\",\"@id\":\"https:\/\/pastorkalt.sk\/de\/#personlogo\",\"inLanguage\":\"en-US\",\"url\":\"https:\/\/secure.gravatar.com\/avatar\/74d1042fa1f54a02fb8d49d3771c26fb?s=96&d=mm&r=g\",\"contentUrl\":\"https:\/\/secure.gravatar.com\/avatar\/74d1042fa1f54a02fb8d49d3771c26fb?s=96&d=mm&r=g\",\"caption\":\"Juraj Blaskovic\"},\"url\":\"https:\/\/pastorkalt.sk\/en\/author\/durobla\/\"}]}<\/script>\n<!-- \/ Yoast SEO plugin. -->","yoast_head_json":{"title":"We celebrated the 25th anniversary in Slovakia! &ndash; Pastorkalt.sk","robots":{"index":"index","follow":"follow","max-snippet":"max-snippet:-1","max-image-preview":"max-image-preview:large","max-video-preview":"max-video-preview:-1"},"canonical":"https:\/\/pastorkalt.sk\/en\/we-celebrated-the-25th-anniversary-in-slovakia\/","og_locale":"en_US","og_type":"article","og_title":"We celebrated the 25th anniversary in Slovakia! &ndash; Pastorkalt.sk","og_description":"Pastorkalt a.s. was established in 1993 in Nov\u00e9 Z\u00e1mky. During the 25th year in the refrigerated display ...","og_url":"https:\/\/pastorkalt.sk\/en\/we-celebrated-the-25th-anniversary-in-slovakia\/","og_site_name":"Pastorkalt.sk","article_published_time":"2018-11-07T20:17:53+00:00","article_modified_time":"2019-07-17T20:28:52+00:00","og_image":[{"width":1024,"height":768,"url":"https:\/\/pastorkalt.sk\/wp-content\/uploads\/2018\/11\/25.vyrocie_PK3_featured.jpg","type":"image\/jpeg"}],"twitter_misc":{"Written by":"Juraj Blaskovic","Est. reading time":"1 minute"},"schema":{"@context":"https:\/\/schema.org","@graph":[{"@type":"Organization","@id":"https:\/\/pastorkalt.sk\/de\/#organization","name":"PASTORKALT a. s.","url":"https:\/\/pastorkalt.sk\/de\/","sameAs":[],"logo":{"@type":"ImageObject","@id":"https:\/\/pastorkalt.sk\/de\/#logo","inLanguage":"en-US","url":"https:\/\/pastorkalt.sk\/wp-content\/uploads\/2017\/10\/pklogo_black_retina.png","contentUrl":"https:\/\/pastorkalt.sk\/wp-content\/uploads\/2017\/10\/pklogo_black_retina.png","width":430,"height":216,"caption":"PASTORKALT a. s."},"image":{"@id":"https:\/\/pastorkalt.sk\/de\/#logo"}},{"@type":"WebSite","@id":"https:\/\/pastorkalt.sk\/de\/#website","url":"https:\/\/pastorkalt.sk\/de\/","name":"Pastorkalt.sk","description":"Ak to m\u00e1 by\u0165 chladen\u00e9","publisher":{"@id":"https:\/\/pastorkalt.sk\/de\/#organization"},"potentialAction":[{"@type":"SearchAction","target":{"@type":"EntryPoint","urlTemplate":"https:\/\/pastorkalt.sk\/de\/?s={search_term_string}"},"query-input":"required name=search_term_string"}],"inLanguage":"en-US"},{"@type":"ImageObject","@id":"https:\/\/pastorkalt.sk\/en\/we-celebrated-the-25th-anniversary-in-slovakia\/#primaryimage","inLanguage":"en-US","url":"https:\/\/pastorkalt.sk\/wp-content\/uploads\/2018\/11\/25.vyrocie_PK3_featured.jpg","contentUrl":"https:\/\/pastorkalt.sk\/wp-content\/uploads\/2018\/11\/25.vyrocie_PK3_featured.jpg","width":1024,"height":768},{"@type":"WebPage","@id":"https:\/\/pastorkalt.sk\/en\/we-celebrated-the-25th-anniversary-in-slovakia\/#webpage","url":"https:\/\/pastorkalt.sk\/en\/we-celebrated-the-25th-anniversary-in-slovakia\/","name":"We celebrated the 25th anniversary in Slovakia! &ndash; Pastorkalt.sk","isPartOf":{"@id":"https:\/\/pastorkalt.sk\/de\/#website"},"primaryImageOfPage":{"@id":"https:\/\/pastorkalt.sk\/en\/we-celebrated-the-25th-anniversary-in-slovakia\/#primaryimage"},"datePublished":"2018-11-07T20:17:53+00:00","dateModified":"2019-07-17T20:28:52+00:00","breadcrumb":{"@id":"https:\/\/pastorkalt.sk\/en\/we-celebrated-the-25th-anniversary-in-slovakia\/#breadcrumb"},"inLanguage":"en-US","potentialAction":[{"@type":"ReadAction","target":["https:\/\/pastorkalt.sk\/en\/we-celebrated-the-25th-anniversary-in-slovakia\/"]}]},{"@type":"BreadcrumbList","@id":"https:\/\/pastorkalt.sk\/en\/we-celebrated-the-25th-anniversary-in-slovakia\/#breadcrumb","itemListElement":[{"@type":"ListItem","position":1,"name":"Home","item":"https:\/\/pastorkalt.sk\/en\/"},{"@type":"ListItem","position":2,"name":"We celebrated the 25th anniversary in Slovakia!"}]},{"@type":"Article","@id":"https:\/\/pastorkalt.sk\/en\/we-celebrated-the-25th-anniversary-in-slovakia\/#article","isPartOf":{"@id":"https:\/\/pastorkalt.sk\/en\/we-celebrated-the-25th-anniversary-in-slovakia\/#webpage"},"author":{"@id":"https:\/\/pastorkalt.sk\/de\/#\/schema\/person\/4d709add1535d5e5f4a1088ff9f234b9"},"headline":"We celebrated the 25th anniversary in Slovakia!","datePublished":"2018-11-07T20:17:53+00:00","dateModified":"2019-07-17T20:28:52+00:00","mainEntityOfPage":{"@id":"https:\/\/pastorkalt.sk\/en\/we-celebrated-the-25th-anniversary-in-slovakia\/#webpage"},"wordCount":145,"publisher":{"@id":"https:\/\/pastorkalt.sk\/de\/#organization"},"image":{"@id":"https:\/\/pastorkalt.sk\/en\/we-celebrated-the-25th-anniversary-in-slovakia\/#primaryimage"},"thumbnailUrl":"https:\/\/pastorkalt.sk\/wp-content\/uploads\/2018\/11\/25.vyrocie_PK3_featured.jpg","articleSection":["News"],"inLanguage":"en-US"},{"@type":"Person","@id":"https:\/\/pastorkalt.sk\/de\/#\/schema\/person\/4d709add1535d5e5f4a1088ff9f234b9","name":"Juraj Blaskovic","image":{"@type":"ImageObject","@id":"https:\/\/pastorkalt.sk\/de\/#personlogo","inLanguage":"en-US","url":"https:\/\/secure.gravatar.com\/avatar\/74d1042fa1f54a02fb8d49d3771c26fb?s=96&d=mm&r=g","contentUrl":"https:\/\/secure.gravatar.com\/avatar\/74d1042fa1f54a02fb8d49d3771c26fb?s=96&d=mm&r=g","caption":"Juraj Blaskovic"},"url":"https:\/\/pastorkalt.sk\/en\/author\/durobla\/"}]}},"_links":{"self":[{"href":"https:\/\/pastorkalt.sk\/en\/wp-json\/wp\/v2\/posts\/9050"}],"collection":[{"href":"https:\/\/pastorkalt.sk\/en\/wp-json\/wp\/v2\/posts"}],"about":[{"href":"https:\/\/pastorkalt.sk\/en\/wp-json\/wp\/v2\/types\/post"}],"author":[{"embeddable":true,"href":"https:\/\/pastorkalt.sk\/en\/wp-json\/wp\/v2\/users\/2"}],"replies":[{"embeddable":true,"href":"https:\/\/pastorkalt.sk\/en\/wp-json\/wp\/v2\/comments?post=9050"}],"version-history":[{"count":6,"href":"https:\/\/pastorkalt.sk\/en\/wp-json\/wp\/v2\/posts\/9050\/revisions"}],"predecessor-version":[{"id":9056,"href":"https:\/\/pastorkalt.sk\/en\/wp-json\/wp\/v2\/posts\/9050\/revisions\/9056"}],"wp:featuredmedia":[{"embeddable":true,"href":"https:\/\/pastorkalt.sk\/en\/wp-json\/wp\/v2\/media\/8967"}],"wp:attachment":[{"href":"https:\/\/pastorkalt.sk\/en\/wp-json\/wp\/v2\/media?parent=9050"}],"wp:term":[{"taxonomy":"category","embeddable":true,"href":"https:\/\/pastorkalt.sk\/en\/wp-json\/wp\/v2\/categories?post=9050"},{"taxonomy":"post_tag","embeddable":true,"href":"https:\/\/pastorkalt.sk\/en\/wp-json\/wp\/v2\/tags?post=9050"}],"curies":[{"name":"wp","href":"https:\/\/api.w.org\/{rel}","templated":true}]}}